{"id":12173,"date":"2025-10-28T19:31:28","date_gmt":"2025-10-28T18:31:28","guid":{"rendered":"https:\/\/norrakershandel.se\/?p=12173"},"modified":"2025-10-31T10:16:13","modified_gmt":"2025-10-31T09:16:13","slug":"ida-tilldelas-guldstjarnan-2025","status":"publish","type":"post","link":"https:\/\/norrakershandel.se\/en\/ida-tilldelas-guldstjarnan-2025\/","title":{"rendered":"Ida tilldelas Guldstj\u00e4rnan 2025"},"content":{"rendered":"<p>Vi \u00e4r otroligt stolta och glada \u00f6ver att kunna ber\u00e4tta att <strong>Ida Collin<\/strong> har tilldelats utm\u00e4rkelsen <strong>\u00c5rets serviceperson i Str\u00f6msunds kommun 2025<\/strong> \u2013 en del av kommunens Guldstj\u00e4rnepris.<\/p>\n<p>Motiveringen lyfter fram Idas starka engagemang, stora hj\u00e4rta och det fantastiska arbete hon g\u00f6r f\u00f6r att utveckla och sprida gl\u00e4dje i Norr\u00e5ker. Med en kombination av driv, omtanke och kreativitet har hon bidragit till att g\u00f6ra bygden levande \u2013 b\u00e5de genom sitt arbete med <strong>Norr\u00e5kers Handel<\/strong> och <strong>Basecamp Norr\u00e5ker<\/strong>, samt genom sitt engagemang i f\u00f6reningslivet.<\/p>\n<p>Vi som f\u00e5r arbeta tillsammans med Ida ser varje dag vilket driv och hj\u00e4rta hon har och att Ida har f\u00e5tt denna utm\u00e4rkelse k\u00e4nns helt r\u00e4tt \u2013 f\u00f6r f\u00e5 personer lyckas sprida s\u00e5 mycket energi, v\u00e4rme och vilja som Ida g\u00f6r.<\/p>\n<p>Stort grattis till Ida och Norr\u00e5ker. \ud83d\udc9b<\/p>","protected":false},"excerpt":{"rendered":"<p>Vi \u00e4r otroligt stolta och glada \u00f6ver att kunna ber\u00e4tta att Ida Collin har tilldelats utm\u00e4rkelsen \u00c5rets serviceperson i Str\u00f6msunds kommun 2025 \u2013 en del av kommunens Guldstj\u00e4rnepris. Motiveringen lyfter fram Idas starka engagemang, stora hj\u00e4rta och det fantastiska arbete hon g\u00f6r f\u00f6r att utveckla och sprida gl\u00e4dje i Norr\u00e5ker. Med en kombination av driv, [&hellip;]<\/p>\n","protected":false},"author":18,"featured_media":12174,"comment_status":"open","ping_status":"closed","sticky":false,"template":"","format":"standard","meta":{"footnotes":""},"categories":[60],"tags":[],"class_list":["post-12173","post","type-post","status-publish","format-standard","has-post-thumbnail","hentry","category-vardagliga"],"_links":{"self":[{"href":"https:\/\/norrakershandel.se\/en\/wp-json\/wp\/v2\/posts\/12173","targetHints":{"allow":["GET"]}}],"collection":[{"href":"https:\/\/norrakershandel.se\/en\/wp-json\/wp\/v2\/posts"}],"about":[{"href":"https:\/\/norrakershandel.se\/en\/wp-json\/wp\/v2\/types\/post"}],"author":[{"embeddable":true,"href":"https:\/\/norrakershandel.se\/en\/wp-json\/wp\/v2\/users\/18"}],"replies":[{"embeddable":true,"href":"https:\/\/norrakershandel.se\/en\/wp-json\/wp\/v2\/comments?post=12173"}],"version-history":[{"count":1,"href":"https:\/\/norrakershandel.se\/en\/wp-json\/wp\/v2\/posts\/12173\/revisions"}],"predecessor-version":[{"id":12175,"href":"https:\/\/norrakershandel.se\/en\/wp-json\/wp\/v2\/posts\/12173\/revisions\/12175"}],"wp:featuredmedia":[{"embeddable":true,"href":"https:\/\/norrakershandel.se\/en\/wp-json\/wp\/v2\/media\/12174"}],"wp:attachment":[{"href":"https:\/\/norrakershandel.se\/en\/wp-json\/wp\/v2\/media?parent=12173"}],"wp:term":[{"taxonomy":"category","embeddable":true,"href":"https:\/\/norrakershandel.se\/en\/wp-json\/wp\/v2\/categories?post=12173"},{"taxonomy":"post_tag","embeddable":true,"href":"https:\/\/norrakershandel.se\/en\/wp-json\/wp\/v2\/tags?post=12173"}],"curies":[{"name":"wp","href":"https:\/\/api.w.org\/{rel}","templated":true}]}}