{"id":427,"date":"2017-09-12T15:31:01","date_gmt":"2017-09-12T13:31:01","guid":{"rendered":"https:\/\/norrakershandel.se\/?p=427"},"modified":"2025-01-03T22:43:46","modified_gmt":"2025-01-03T21:43:46","slug":"inspirera-och-inspireras","status":"publish","type":"post","link":"https:\/\/norrakershandel.se\/en\/inspirera-och-inspireras\/","title":{"rendered":"Inspirera och inspireras"},"content":{"rendered":"<p>F\u00f6rra veckan var jag i Nordmaling och ber\u00e4ttade om mig och Norr\u00e5kers Handel f\u00f6r andra f\u00f6retagare, kul!<br \/><br \/>De ville veta hur vi g\u00f6r f\u00f6r att \u00f6verleva och till och med v\u00e4xa n\u00e4r s\u00e5 m\u00e5nga andra glesbygdsbutiker l\u00e4gger ner. Och vad vi g\u00f6r f\u00f6r speciellt\u00a0f\u00f6r att f\u00e5 alla de fina utm\u00e4rkelser vi f\u00e5tt?\u00a0<br \/><br \/>Ja, vad \u00e4r det vi g\u00f6r egentligen?!\u00a0<br \/><br \/>Jag tror att det mesta ligger i att vi tycker om det vi g\u00f6r och att vi har roligt, b\u00e5de tillsammans vi som jobbar och tillsammans med v\u00e5ra kunder. Och att vi tror p\u00e5 det vi g\u00f6r och tror p\u00e5 landsbygden, tror man p\u00e5 framtiden t\u00f6rs man ocks\u00e5 satsa. Och p\u00e5 n\u00e5got s\u00e4tt s\u00e5 \u00e4r det \u00e4ndera fram\u00e5t eller bak\u00e5t, att st\u00e5 still som f\u00f6retag och vara n\u00f6jd d\u00e4r man \u00e4r, det \u00e4r n\u00e4stan om\u00f6jligt, d\u00e5 k\u00f6r n\u00e5gon annan om och du hamnar efter.\u00a0<br \/><br \/>Jag brukar ocks\u00e5 s\u00e4ga att jag f\u00f6rst\u00e5tt att jag sj\u00e4lv \u00e4r viktig. Det \u00e4r ju jag som leder f\u00f6retaget och p\u00e5 m\u00e5nga s\u00e4tt \u00e4r jag f\u00f6retaget. Det betyder att jag beh\u00f6ver ha bra sj\u00e4lvk\u00e4nnedom och veta vad jag \u00e4r bra och d\u00e5lig p\u00e5. Och att jag tar hand om mig sj\u00e4lv s\u00e5 att jag kan forts\u00e4tta g\u00f6ra det jag \u00e4r bra p\u00e5. Och s\u00e5 f\u00f6rst\u00e5s min\u00a0personal! Extremt viktig. Och jag har haft den fantastiska turen att ha den b\u00e4sta personalen, som fortfarande efter tio \u00e5r trivs och g\u00f6r ett fantastiskt jobb varje dag. Och d\u00e5 g\u00e4ller f\u00f6rst\u00e5s samma sak, att ta hand om sin personal,\u00a0och g\u00f6ra roliga saker tillsammans!\u00a0<br \/><br \/>Sen ber\u00e4ttar jag en massa annat ocks\u00e5 om vad vi hittar p\u00e5 f\u00f6r att st\u00e4ndigt utvecklas och bli lite b\u00e4ttre p\u00e5 det vi g\u00f6r men det f\u00e5r du veta en annan g\u00e5ng \ud83d\ude42<\/p>","protected":false},"excerpt":{"rendered":"<p>F\u00f6rra veckan var jag i Nordmaling och ber\u00e4ttade om mig och Norr\u00e5kers Handel f\u00f6r andra f\u00f6retagare, kul! De ville veta hur vi g\u00f6r f\u00f6r att \u00f6verleva och till och med v\u00e4xa n\u00e4r s\u00e5 m\u00e5nga andra glesbygdsbutiker l\u00e4gger ner. Och vad vi g\u00f6r f\u00f6r speciellt\u00a0f\u00f6r att f\u00e5 alla de fina utm\u00e4rkelser vi f\u00e5tt?\u00a0 Ja, vad \u00e4r [&hellip;]<\/p>\n","protected":false},"author":4,"featured_media":430,"comment_status":"open","ping_status":"closed","sticky":false,"template":"","format":"standard","meta":{"footnotes":""},"categories":[60],"tags":[],"class_list":["post-427","post","type-post","status-publish","format-standard","has-post-thumbnail","hentry","category-vardagliga"],"_links":{"self":[{"href":"https:\/\/norrakershandel.se\/en\/wp-json\/wp\/v2\/posts\/427","targetHints":{"allow":["GET"]}}],"collection":[{"href":"https:\/\/norrakershandel.se\/en\/wp-json\/wp\/v2\/posts"}],"about":[{"href":"https:\/\/norrakershandel.se\/en\/wp-json\/wp\/v2\/types\/post"}],"author":[{"embeddable":true,"href":"https:\/\/norrakershandel.se\/en\/wp-json\/wp\/v2\/users\/4"}],"replies":[{"embeddable":true,"href":"https:\/\/norrakershandel.se\/en\/wp-json\/wp\/v2\/comments?post=427"}],"version-history":[{"count":3,"href":"https:\/\/norrakershandel.se\/en\/wp-json\/wp\/v2\/posts\/427\/revisions"}],"predecessor-version":[{"id":11903,"href":"https:\/\/norrakershandel.se\/en\/wp-json\/wp\/v2\/posts\/427\/revisions\/11903"}],"wp:featuredmedia":[{"embeddable":true,"href":"https:\/\/norrakershandel.se\/en\/wp-json\/wp\/v2\/media\/430"}],"wp:attachment":[{"href":"https:\/\/norrakershandel.se\/en\/wp-json\/wp\/v2\/media?parent=427"}],"wp:term":[{"taxonomy":"category","embeddable":true,"href":"https:\/\/norrakershandel.se\/en\/wp-json\/wp\/v2\/categories?post=427"},{"taxonomy":"post_tag","embeddable":true,"href":"https:\/\/norrakershandel.se\/en\/wp-json\/wp\/v2\/tags?post=427"}],"curies":[{"name":"wp","href":"https:\/\/api.w.org\/{rel}","templated":true}]}}